{"id":30299,"date":"2021-12-21T15:12:07","date_gmt":"2021-12-21T14:12:07","guid":{"rendered":"https:\/\/www.gsk.de\/?p=30299"},"modified":"2021-12-21T15:12:08","modified_gmt":"2021-12-21T14:12:08","slug":"vorkaufsrechte-breiten-sich-trotz-gerichtlichen-daempfers-aus","status":"publish","type":"post","link":"https:\/\/gsk.de\/de\/vorkaufsrechte-breiten-sich-trotz-gerichtlichen-daempfers-aus\/","title":{"rendered":"Vorkaufsrechte breiten sich trotz gerichtlichen D\u00e4mpfers aus"},"content":{"rendered":"\n<p>Grundst\u00fccksk\u00e4ufer und Investoren treibt die Sorge um, gerade erst erworbene Grundst\u00fccke wieder an Gemeinden zu verlieren, weil diese innerhalb der ihr zustehenden Dreimonatsfrist ihr gesetzliches Vorkaufsrecht aus\u00fcben. Das Baulandbeschaffungsgesetz aus dem Jahr 1953 sah sogar die M\u00f6glichkeit einer Enteignung zur \u201eF\u00f6rderung des Wohnungsbaues\u201c und \u201ezur Verbindung breiter Volksschichten mit dem Grund und Boden im Rahmen einer geordneten Bebauung\u201c vor.\u00a0<\/p>\n\n\n\n<p>In der Ausgabe der Frankfurter Allgemeinen Zeitung vom 16.12.2021 gibt unser Partner und Rechtsanwalt Dr. Frank-Florian Seifert einen \u00dcberblick \u00fcber den \u201egesetzgeberischen Handlungsbedarf\u201c bei Vorkaufsrechten.<\/p>\n\n\n\n<p>Mehr unter: <a href=\"https:\/\/www.faz.net\/aktuell\/wirtschaft\/wohnen\/die-vorkaufsrechte-breiten-sich-aus-17686625.html\">Die Vorkaufsrechte breiten sich aus (faz.net)<\/a><\/p>\n","protected":false},"excerpt":{"rendered":"<p>In der Ausgabe der Frankfurter Allgemeinen Zeitung vom 16.12.2021 gibt unser Partner und Rechtsanwalt Dr. Frank-Florian Seifert einen \u00dcberblick \u00fcber den \u201egesetzgeberischen Handlungsbedarf\u201c bei Vorkaufsrechten.<\/p>\n","protected":false},"author":32,"featured_media":29165,"comment_status":"closed","ping_status":"closed","sticky":false,"template":"","format":"standard","meta":{"_acf_changed":false,"inline_featured_image":false,"footnotes":""},"categories":[282],"tags":[],"ausgabe":[669],"verknuepfung":[730,740],"class_list":["post-30299","post","type-post","status-publish","format-standard","has-post-thumbnail","hentry","category-pressespiegel","ausgabe-gsk","verknuepfung-immobilien-projektentwicklung","verknuepfung-oeffentlicher-sektor"],"acf":{"postdownloads":[{"download":"https:\/\/gsk.de\/wp-content\/uploads\/2021\/12\/2021-12-17-Die-Vorkaufsrechte-breiten-sich-aus.pdf","anzeigetitel":""}],"ansprechpartner":[{"anwalt":1044}]},"info":{"date":"21.12.2021","author":"GSK Sysop","categories_names":["Pressespiegel"],"category":"Pressespiegel"},"wpml_main_post_id":30299,"featured_img_src":"https:\/\/gsk.de\/wp-content\/uploads\/2021\/10\/Seifert_Frank-Florian_1985x1280px-1024x660.jpg","_links":{"self":[{"href":"https:\/\/gsk.de\/de\/wp-json\/wp\/v2\/posts\/30299","targetHints":{"allow":["GET"]}}],"collection":[{"href":"https:\/\/gsk.de\/de\/wp-json\/wp\/v2\/posts"}],"about":[{"href":"https:\/\/gsk.de\/de\/wp-json\/wp\/v2\/types\/post"}],"author":[{"embeddable":true,"href":"https:\/\/gsk.de\/de\/wp-json\/wp\/v2\/users\/32"}],"replies":[{"embeddable":true,"href":"https:\/\/gsk.de\/de\/wp-json\/wp\/v2\/comments?post=30299"}],"version-history":[{"count":0,"href":"https:\/\/gsk.de\/de\/wp-json\/wp\/v2\/posts\/30299\/revisions"}],"wp:featuredmedia":[{"embeddable":true,"href":"https:\/\/gsk.de\/de\/wp-json\/wp\/v2\/media\/29165"}],"wp:attachment":[{"href":"https:\/\/gsk.de\/de\/wp-json\/wp\/v2\/media?parent=30299"}],"wp:term":[{"taxonomy":"category","embeddable":true,"href":"https:\/\/gsk.de\/de\/wp-json\/wp\/v2\/categories?post=30299"},{"taxonomy":"post_tag","embeddable":true,"href":"https:\/\/gsk.de\/de\/wp-json\/wp\/v2\/tags?post=30299"},{"taxonomy":"ausgabe","embeddable":true,"href":"https:\/\/gsk.de\/de\/wp-json\/wp\/v2\/ausgabe?post=30299"},{"taxonomy":"verknuepfung","embeddable":true,"href":"https:\/\/gsk.de\/de\/wp-json\/wp\/v2\/verknuepfung?post=30299"}],"curies":[{"name":"wp","href":"https:\/\/api.w.org\/{rel}","templated":true}]}}